{"id":330,"date":"2016-04-02T13:10:25","date_gmt":"2016-04-02T13:10:25","guid":{"rendered":"https:\/\/sites.berry.edu\/dslade\/?p=330"},"modified":"2016-05-28T13:37:52","modified_gmt":"2016-05-28T13:37:52","slug":"galeano-y-rangel","status":"publish","type":"post","link":"https:\/\/sites.berry.edu\/dslade\/2016\/04\/02\/galeano-y-rangel\/","title":{"rendered":"Mitos y desmitos: Galeano y Rangel"},"content":{"rendered":"<p>\u00c1lvaro Vargas Llosa (hijo de Mario Vargas Llosa) escribi\u00f3 este comentario sobre las ideas de Carlos Rangel (1929-1988) y Eduardo Galeano (1940-2015) unos d\u00edas despu\u00e9s de la muerte de Galeano. \u00a0Rangel y Galeano representan dos polos opuestos con referencia a la ideolog\u00eda y los dos ofrecieron lecturas e interpretaciones distintas para explicar la realidad latinoamericana en el siglo XX. \u00a0Esta nota escrita por Vargas Llosa, con sus propios compromisos pol\u00edticos, marca la muerte de Galeano y vuelve a contrastar las ideas del mismo con las de Rangel.<\/p>\n<p>En clase vamos a leer fragmentos de\u00a0<em>Las venas abiertas de Am\u00e9rica Latina<\/em> (Galeano) y de\u00a0<em>Del buen salvaje al buen revolucionario<\/em> (Rangel). \u00a0Por favor lean esta nota de opini\u00f3n de Vargas Llosa\u00a0y contesten las siguientes preguntas de manera <strong>concisa y breve<\/strong>:<\/p>\n<ol>\n<li>Seg\u00fan Vargas Llosa, \u00bfcu\u00e1l es el argumento de Galeano?<\/li>\n<li>Seg\u00fan Vargas Llosa, \u00bfcu\u00e1l es el argumento de Rangel?<\/li>\n<li>\u00bfPercibes t\u00fa\u00a0los compromisos ideol\u00f3gicos de Vargas Llosa?<\/li>\n<\/ol>\n<p><a href=\"http:\/\/elpais.com\/elpais\/2015\/04\/20\/opinion\/1429556461_887897.html\" target=\"_blank\">&#8220;Revolucionarios contra liberales&#8221;<\/a> de\u00a0<em>El Pa\u00eds\u00a0<\/em>(Espa\u00f1a)<\/p>\n","protected":false},"excerpt":{"rendered":"<p>\u00c1lvaro Vargas Llosa (hijo de Mario Vargas Llosa) escribi\u00f3 este comentario sobre las ideas de Carlos Rangel (1929-1988) y Eduardo Galeano (1940-2015) unos d\u00edas despu\u00e9s de la muerte de Galeano. &hellip; <a href=\"https:\/\/sites.berry.edu\/dslade\/2016\/04\/02\/galeano-y-rangel\/\" class=\"more-link\">Continue reading <span class=\"screen-reader-text\">Mitos y desmitos: Galeano y Rangel<\/span> <span class=\"meta-nav\">&rarr;<\/span><\/a><\/p>\n","protected":false},"author":18,"featured_media":332,"comment_status":"open","ping_status":"open","sticky":false,"template":"","format":"standard","meta":{"footnotes":""},"categories":[24,11],"tags":[],"class_list":["post-330","post","type-post","status-publish","format-standard","has-post-thumbnail","hentry","category-politica-e-intervencion","category-spa-321"],"jetpack_featured_media_url":"https:\/\/sites.berry.edu\/dslade\/wp-content\/uploads\/sites\/8\/2016\/04\/Screen-Shot-2016-04-02-at-9.16.06-AM.png","_links":{"self":[{"href":"https:\/\/sites.berry.edu\/dslade\/wp-json\/wp\/v2\/posts\/330","targetHints":{"allow":["GET"]}}],"collection":[{"href":"https:\/\/sites.berry.edu\/dslade\/wp-json\/wp\/v2\/posts"}],"about":[{"href":"https:\/\/sites.berry.edu\/dslade\/wp-json\/wp\/v2\/types\/post"}],"author":[{"embeddable":true,"href":"https:\/\/sites.berry.edu\/dslade\/wp-json\/wp\/v2\/users\/18"}],"replies":[{"embeddable":true,"href":"https:\/\/sites.berry.edu\/dslade\/wp-json\/wp\/v2\/comments?post=330"}],"version-history":[{"count":3,"href":"https:\/\/sites.berry.edu\/dslade\/wp-json\/wp\/v2\/posts\/330\/revisions"}],"predecessor-version":[{"id":418,"href":"https:\/\/sites.berry.edu\/dslade\/wp-json\/wp\/v2\/posts\/330\/revisions\/418"}],"wp:featuredmedia":[{"embeddable":true,"href":"https:\/\/sites.berry.edu\/dslade\/wp-json\/wp\/v2\/media\/332"}],"wp:attachment":[{"href":"https:\/\/sites.berry.edu\/dslade\/wp-json\/wp\/v2\/media?parent=330"}],"wp:term":[{"taxonomy":"category","embeddable":true,"href":"https:\/\/sites.berry.edu\/dslade\/wp-json\/wp\/v2\/categories?post=330"},{"taxonomy":"post_tag","embeddable":true,"href":"https:\/\/sites.berry.edu\/dslade\/wp-json\/wp\/v2\/tags?post=330"}],"curies":[{"name":"wp","href":"https:\/\/api.w.org\/{rel}","templated":true}]}}